{"id":1126,"date":"2022-07-04T19:20:16","date_gmt":"2022-07-04T19:20:16","guid":{"rendered":"http:\/\/insideamateurfussball-ffm.de\/?p=1126"},"modified":"2025-01-05T12:17:58","modified_gmt":"2025-01-05T11:17:58","slug":"u15-betreuer-gesucht","status":"publish","type":"post","link":"https:\/\/insideamateurfussball-ffm.de\/?p=1126","title":{"rendered":"U15: Betreuer gesucht"},"content":{"rendered":"<h5>F\u00fcr die in der Regionalliga S\u00fcd und der damit h\u00f6chsten Spielklasse dieser Altersgruppe spielende U15 von Rot-Weiss Frankfurt wird ein Betreuer gesucht. Die Mannschaft wird von den Korlat-Br\u00fcdern Adis und Edis trainiert.<\/h5>\n<figure id=\"attachment_1127\" aria-describedby=\"caption-attachment-1127\" style=\"width: 300px\" class=\"wp-caption alignnone\"><img loading=\"lazy\" decoding=\"async\" class=\"wp-image-1127 size-medium\" src=\"http:\/\/insideamateurfussball-ffm.de\/wp-content\/uploads\/2022\/07\/tr-Team-300x225.jpg\" alt=\"\" width=\"300\" height=\"225\" \/><figcaption id=\"caption-attachment-1127\" class=\"wp-caption-text\">Adis und Edis Korlat trainieren die U15 von Rot-Weiss Frankfurt. Foto: Mithat G\u00fcrser.<\/figcaption><\/figure>\n<p><img loading=\"lazy\" decoding=\"async\" class=\"alignnone size-full wp-image-120\" src=\"http:\/\/insideamateurfussball-ffm.de\/wp-content\/uploads\/2022\/05\/rot-weiss.png\" alt=\"\" width=\"80\" height=\"70\" \/><\/p>\n<p>&#8222;Wer Freude an der Arbeit mit Jugendlichen, Spa\u00df am Fu\u00dfball hat und gerne seine Mannschaft organisiert, ist hier an der richtigen Adresse. Wenn Du das pers\u00f6nliche Potenzial der jungen Fu\u00dfballer gemeinsam weiterentwickeln und ihnen den Spa\u00df am Fu\u00dfball vermitteln willst, bewirb dich jetzt&#8220;, hei\u00dft es in der Nachricht, die uns Jugendkoordinator Jonel Goncalves, in Personalunion auch Trainer der Ersten Mannschaft in der Verbandsliga S\u00fcd, zukommen lie\u00df.<\/p>\n<h5>Interessenten melden sich bitte direkt bei Jonel Goncalves unter der Rufnummer 0163-4736703.<\/h5>\n","protected":false},"excerpt":{"rendered":"<p>F\u00fcr die in der Regionalliga S\u00fcd und der damit h\u00f6chsten Spielklasse dieser Altersgruppe spielende U15 von Rot-Weiss Frankfurt wird ein Betreuer gesucht. Die Mannschaft wird von den Korlat-Br\u00fcdern Adis und Edis trainiert. &#8222;Wer Freude an der Arbeit mit Jugendlichen, Spa\u00df am Fu\u00dfball hat und gerne seine Mannschaft organisiert, ist hier an der richtigen Adresse. Wenn [&hellip;]<\/p>\n","protected":false},"author":1,"featured_media":0,"comment_status":"open","ping_status":"open","sticky":false,"template":"","format":"standard","meta":{"footnotes":""},"categories":[28],"tags":[],"class_list":["post-1126","post","type-post","status-publish","format-standard","hentry","category-jugend"],"_links":{"self":[{"href":"https:\/\/insideamateurfussball-ffm.de\/index.php?rest_route=\/wp\/v2\/posts\/1126","targetHints":{"allow":["GET"]}}],"collection":[{"href":"https:\/\/insideamateurfussball-ffm.de\/index.php?rest_route=\/wp\/v2\/posts"}],"about":[{"href":"https:\/\/insideamateurfussball-ffm.de\/index.php?rest_route=\/wp\/v2\/types\/post"}],"author":[{"embeddable":true,"href":"https:\/\/insideamateurfussball-ffm.de\/index.php?rest_route=\/wp\/v2\/users\/1"}],"replies":[{"embeddable":true,"href":"https:\/\/insideamateurfussball-ffm.de\/index.php?rest_route=%2Fwp%2Fv2%2Fcomments&post=1126"}],"version-history":[{"count":1,"href":"https:\/\/insideamateurfussball-ffm.de\/index.php?rest_route=\/wp\/v2\/posts\/1126\/revisions"}],"predecessor-version":[{"id":1128,"href":"https:\/\/insideamateurfussball-ffm.de\/index.php?rest_route=\/wp\/v2\/posts\/1126\/revisions\/1128"}],"wp:attachment":[{"href":"https:\/\/insideamateurfussball-ffm.de\/index.php?rest_route=%2Fwp%2Fv2%2Fmedia&parent=1126"}],"wp:term":[{"taxonomy":"category","embeddable":true,"href":"https:\/\/insideamateurfussball-ffm.de\/index.php?rest_route=%2Fwp%2Fv2%2Fcategories&post=1126"},{"taxonomy":"post_tag","embeddable":true,"href":"https:\/\/insideamateurfussball-ffm.de\/index.php?rest_route=%2Fwp%2Fv2%2Ftags&post=1126"}],"curies":[{"name":"wp","href":"https:\/\/api.w.org\/{rel}","templated":true}]}}