{"id":1123,"date":"2022-07-04T18:52:34","date_gmt":"2022-07-04T18:52:34","guid":{"rendered":"http:\/\/insideamateurfussball-ffm.de\/?p=1123"},"modified":"2025-01-05T12:18:03","modified_gmt":"2025-01-05T11:18:03","slug":"eintracht-u21-startet-in-alzenau","status":"publish","type":"post","link":"https:\/\/insideamateurfussball-ffm.de\/?p=1123","title":{"rendered":"Eintracht U21 startet in Alzenau"},"content":{"rendered":"<h5>Mit einem Ausw\u00e4rtsspiel beim FC Bayern Alzenau startet die U21 von Eintracht Frankfurt in die Hessenliga-Saison. Am 30. Juli ert\u00f6nt der Ansto\u00df in der Main-Echo-Arena an einem Samstagabend um 18 Uhr. Das Er\u00f6ffnungsspiel bestreiten am Freitag, den 29. Juli Viktoria Griesheim und Rot-Wei\u00df Walldorf (19 Uhr). T\u00fcrk G\u00fcc\u00fc Friedbergs Gastspiel bei Eintracht Stadtallendorf wurde auf Mitte August verschoben.<\/h5>\n<figure id=\"attachment_1124\" aria-describedby=\"caption-attachment-1124\" style=\"width: 300px\" class=\"wp-caption alignnone\"><img loading=\"lazy\" decoding=\"async\" class=\"wp-image-1124 size-medium\" src=\"http:\/\/insideamateurfussball-ffm.de\/wp-content\/uploads\/2022\/07\/e14-300x215.jpg\" alt=\"\" width=\"300\" height=\"215\" \/><figcaption id=\"caption-attachment-1124\" class=\"wp-caption-text\">Die erste Formation von Eintracht Frankfurt II vor dem Testspiel in Seckbach (7:0). Foto: Mithat G\u00fcrser.<\/figcaption><\/figure>\n<p>Mit 20 Vereinen geht die Saison 2022\/23 eingleisig \u00fcber die B\u00fchne, die regionale Einteilung in zwei Gruppen mit anschlie\u00dfender Auf- und Abstiegsrunde wird nicht mehr praktiziert. Vier Vereine m\u00fcssen mindestens absteigen, um die Richtzahl von 18 Clubs zu erreichen. Steigt einer der f\u00fcnf hessischen Regionalliga-Vertreter ab, m\u00fcssen f\u00fcnf absteigen. Bei zwei Absteigern sind es schon deren sechs und bei drei w\u00fcrde man die Richtzahl mit dann 19 Clubs erneut \u00fcberschreiten. Allerdings gibt es durch die Wiedereinf\u00fchrung der Relegationsspiele mit den drei Verbandsliga-Vizemeistern (Nord, Mitte, S\u00fcd), an denen der unmittelbar vor den Absteigern stehende Hessenligist teilnehmen wird, sogar die M\u00f6glichkeit eines siebten Absteigers.<\/p>\n<h5>Der 1. Spieltag:<\/h5>\n<p>SC Viktoria Griesheim &#8211; Rot-Wei\u00df Walldorf (Freitag, 29. Juli 19 Uhr)<\/p>\n<p>FSV Fernwald &#8211; SV Steinbach (Samstag, 30. Juli 15 Uhr)<\/p>\n<p>SC Waldgirmes &#8211; FC Gie\u00dfen (Samstag, 30. Juli 15 Uhr)<\/p>\n<p>TuS Dietkirchen &#8211; KSV Baunatal (Samstag, 30. Juli 15 Uhr)<\/p>\n<p>FC Erlensee &#8211; SV Rot-Wei\u00df Hadamar (Samstag, 30. Juli 16 Uhr)<\/p>\n<p>SV Unter-Flockenbach &#8211; TSV Steinbach Haiger II (Samstag, 30. Juli 17 Uhr)<\/p>\n<p>FC Bayern Alzenau &#8211; Eintracht Frankfurt U21 (Samstag, 30. Juli 18 Uhr)<\/p>\n<p>SV Adler Weidenhausen &#8211; FC Eddersheim (Sonntag, 31. Juli 15 Uhr)<\/p>\n<p>SV Neuhof &#8211; 1. Hanauer FC (Sonntag, 31. Juli 15 Uhr)<\/p>\n<p>TSV Eintracht Stadtallendorf &#8211; T\u00fcrk G\u00fcc\u00fc Friedberg (Dienstag, 16. August 19.30 Uhr)<\/p>\n","protected":false},"excerpt":{"rendered":"<p>Mit einem Ausw\u00e4rtsspiel beim FC Bayern Alzenau startet die U21 von Eintracht Frankfurt in die Hessenliga-Saison. Am 30. Juli ert\u00f6nt der Ansto\u00df in der Main-Echo-Arena an einem Samstagabend um 18 Uhr. Das Er\u00f6ffnungsspiel bestreiten am Freitag, den 29. Juli Viktoria Griesheim und Rot-Wei\u00df Walldorf (19 Uhr). T\u00fcrk G\u00fcc\u00fc Friedbergs Gastspiel bei Eintracht Stadtallendorf wurde auf [&hellip;]<\/p>\n","protected":false},"author":1,"featured_media":0,"comment_status":"open","ping_status":"open","sticky":false,"template":"","format":"standard","meta":{"footnotes":""},"categories":[8],"tags":[],"class_list":["post-1123","post","type-post","status-publish","format-standard","hentry","category-hessenliga"],"_links":{"self":[{"href":"https:\/\/insideamateurfussball-ffm.de\/index.php?rest_route=\/wp\/v2\/posts\/1123","targetHints":{"allow":["GET"]}}],"collection":[{"href":"https:\/\/insideamateurfussball-ffm.de\/index.php?rest_route=\/wp\/v2\/posts"}],"about":[{"href":"https:\/\/insideamateurfussball-ffm.de\/index.php?rest_route=\/wp\/v2\/types\/post"}],"author":[{"embeddable":true,"href":"https:\/\/insideamateurfussball-ffm.de\/index.php?rest_route=\/wp\/v2\/users\/1"}],"replies":[{"embeddable":true,"href":"https:\/\/insideamateurfussball-ffm.de\/index.php?rest_route=%2Fwp%2Fv2%2Fcomments&post=1123"}],"version-history":[{"count":1,"href":"https:\/\/insideamateurfussball-ffm.de\/index.php?rest_route=\/wp\/v2\/posts\/1123\/revisions"}],"predecessor-version":[{"id":1125,"href":"https:\/\/insideamateurfussball-ffm.de\/index.php?rest_route=\/wp\/v2\/posts\/1123\/revisions\/1125"}],"wp:attachment":[{"href":"https:\/\/insideamateurfussball-ffm.de\/index.php?rest_route=%2Fwp%2Fv2%2Fmedia&parent=1123"}],"wp:term":[{"taxonomy":"category","embeddable":true,"href":"https:\/\/insideamateurfussball-ffm.de\/index.php?rest_route=%2Fwp%2Fv2%2Fcategories&post=1123"},{"taxonomy":"post_tag","embeddable":true,"href":"https:\/\/insideamateurfussball-ffm.de\/index.php?rest_route=%2Fwp%2Fv2%2Ftags&post=1123"}],"curies":[{"name":"wp","href":"https:\/\/api.w.org\/{rel}","templated":true}]}}