{"id":1072,"date":"2022-07-02T23:39:52","date_gmt":"2022-07-02T23:39:52","guid":{"rendered":"http:\/\/insideamateurfussball-ffm.de\/?p=1072"},"modified":"2025-01-05T12:18:39","modified_gmt":"2025-01-05T11:18:39","slug":"thaci-trifft-schon-fuer-bad-vilbel","status":"publish","type":"post","link":"https:\/\/insideamateurfussball-ffm.de\/?p=1072","title":{"rendered":"Thaci trifft schon f\u00fcr Bad Vilbel"},"content":{"rendered":"<h5>Die neuformierte Mannschaft des FV Bad Vilbel hat sich im ersten Testspiel gegen Hessenligist SV Rot-Wei\u00df Walldorf in guter Verfassung pr\u00e4sentiert. Vor 80 Zuschauern gab\u00b4s f\u00fcr den Wetterauer Verbandsligisten gegen den Ligakonkurrenten der vergangenen Jahre im Leichtathletik-Stadion ein beachtliches 2:2 (1:1)-Unentschieden.<\/h5>\n<figure id=\"attachment_1073\" aria-describedby=\"caption-attachment-1073\" style=\"width: 300px\" class=\"wp-caption alignnone\"><img loading=\"lazy\" decoding=\"async\" class=\"wp-image-1073 size-medium\" src=\"http:\/\/insideamateurfussball-ffm.de\/wp-content\/uploads\/2022\/07\/IMG_0511-2-300x200.jpg\" alt=\"\" width=\"300\" height=\"200\" \/><figcaption id=\"caption-attachment-1073\" class=\"wp-caption-text\">Alexander Bauscher (rechts) am Ball. Foto: JW.<\/figcaption><\/figure>\n<h5>FV Bad Vilbel &#8211; SV Rot-Wei\u00df Walldorf 2:2 (1:1)<\/h5>\n<p><img loading=\"lazy\" decoding=\"async\" class=\"alignnone size-full wp-image-146\" src=\"http:\/\/insideamateurfussball-ffm.de\/wp-content\/uploads\/2022\/05\/FV-Bad-Vilbel.jpg\" alt=\"\" width=\"80\" height=\"80\" \/><img loading=\"lazy\" decoding=\"async\" class=\"alignnone size-full wp-image-1074\" src=\"http:\/\/insideamateurfussball-ffm.de\/wp-content\/uploads\/2022\/07\/Walldorf.jpg\" alt=\"\" width=\"80\" height=\"80\" \/><\/p>\n<p>Bei warmen Temperaturen waren die G\u00e4ste allerdings schon kurz nach Spielbeginn durch Manuel Konate Lueken in F\u00fchrung gegangen. FV-Trainer Amir Mustafic hatte sieben Neuzug\u00e4nge in die Startformation berufen. Einer von ihnen, der vom Frankfurter Kreisoberligisten FC Kosova gekommene Torj\u00e4ger Flakron Thaci, markierte noch vor dem Pausenpfiff den Ausgleich (39.).<\/p>\n<p>Nach dem Seitenwechsel wurde auf beiden Seiten munter durchgewechselt, das Team von Trainer Artur Lemm kam aber durch Can Karakas zur erneuten F\u00fchrung (50.), die wiederum ein weiterer Neuer, Marco Caltagirone egalisierte (58.). In der 87. Minute wurde der vermeintliche Siegtreffer von Erkan G\u00f6k, Neuzugang von der TSG Ober-W\u00f6llstadt, zur\u00fcckgepfiffen.<\/p>\n<p>&#8222;Am Anfang hat man gesehen, dass das eine komplett neu zusammengew\u00fcrfelte Mannschaft ist&#8220;, erkannte Mustafic. &#8222;Nach 20 Minuten haben wir uns gefangen und ich habe danach ein ordentliches Spiel gesehen mit einem gerechten Ergebnis&#8220;, hatte der FV-Trainer sehr viele positive Eindr\u00fccke von den neuen Spielern. Von Saisonzielen zu sprechen fand der Coach verfr\u00fcht, &#8222;die Verbandsliga ist eine starke Klasse, da m\u00fcssen wir uns nach diesem ungewollten Umbruch erstmal zurechtfinden.&#8220;\u00a0<\/p>\n<h5>Schiedsrichter: Lars Wacker (Niddatal). Zuschauer: 80.<\/h5>\n<h5>Tore: 0:1 Manuel Konate Lueken (1.), 1:1 Flakron Thaci (39.), 1:2 Can Karakas (50.), 2:2 Marco Caltarigone (58.).<\/h5>\n<p>\u00a0<\/p>\n<p>\u00a0<\/p>\n\n\n<figure class=\"wp-block-gallery has-nested-images columns-default is-cropped wp-block-gallery-1 is-layout-flex wp-block-gallery-is-layout-flex\">\n<figure class=\"wp-block-image size-large is-style-default\"><img decoding=\"async\" data-id=\"1075\" src=\"http:\/\/insideamateurfussball-ffm.de\/wp-content\/uploads\/2022\/07\/IMG_0501-2-1024x683.jpg\" alt=\"\" class=\"wp-image-1075\"\/><figcaption>Fotos: JW.<\/figcaption><\/figure>\n<\/figure>\n\n\n\n<div class=\"wp-block-columns is-layout-flex wp-container-core-columns-is-layout-28f84493 wp-block-columns-is-layout-flex\">\n<div class=\"wp-block-column is-layout-flow wp-block-column-is-layout-flow\">\n<figure class=\"wp-block-image size-large is-style-default\"><img decoding=\"async\" src=\"http:\/\/insideamateurfussball-ffm.de\/wp-content\/uploads\/2022\/07\/IMG_0525-2-1024x683.jpg\" alt=\"\" class=\"wp-image-1076\"\/><\/figure>\n<\/div>\n\n\n\n<div class=\"wp-block-column is-layout-flow wp-block-column-is-layout-flow\">\n<figure class=\"wp-block-image size-large is-style-default\"><img decoding=\"async\" src=\"http:\/\/insideamateurfussball-ffm.de\/wp-content\/uploads\/2022\/07\/IMG_0516-2-1024x683.jpg\" alt=\"\" class=\"wp-image-1077\"\/><\/figure>\n<\/div>\n\n\n\n<div class=\"wp-block-column is-layout-flow wp-block-column-is-layout-flow\">\n<figure class=\"wp-block-image size-large is-style-default\"><img decoding=\"async\" src=\"http:\/\/insideamateurfussball-ffm.de\/wp-content\/uploads\/2022\/07\/IMG_0505-2-1024x683.jpg\" alt=\"\" class=\"wp-image-1078\"\/><\/figure>\n<\/div>\n<\/div>\n\n\n\n<div class=\"wp-block-columns is-layout-flex wp-container-core-columns-is-layout-28f84493 wp-block-columns-is-layout-flex\">\n<div class=\"wp-block-column is-layout-flow wp-block-column-is-layout-flow\">\n<figure class=\"wp-block-image size-full is-style-default\"><img decoding=\"async\" src=\"http:\/\/insideamateurfussball-ffm.de\/wp-content\/uploads\/2022\/07\/IMG_0497-1.jpg\" alt=\"\" class=\"wp-image-1080\"\/><\/figure>\n<\/div>\n\n\n\n<div class=\"wp-block-column is-layout-flow wp-block-column-is-layout-flow\"><\/div>\n\n\n\n<div class=\"wp-block-column is-layout-flow wp-block-column-is-layout-flow\"><\/div>\n<\/div>\n","protected":false},"excerpt":{"rendered":"<p>Die neuformierte Mannschaft des FV Bad Vilbel hat sich im ersten Testspiel gegen Hessenligist SV Rot-Wei\u00df Walldorf in guter Verfassung pr\u00e4sentiert. Vor 80 Zuschauern gab\u00b4s f\u00fcr den Wetterauer Verbandsligisten gegen den Ligakonkurrenten der vergangenen Jahre im Leichtathletik-Stadion ein beachtliches 2:2 (1:1)-Unentschieden. FV Bad Vilbel &#8211; SV Rot-Wei\u00df Walldorf 2:2 (1:1) Bei warmen Temperaturen waren die [&hellip;]<\/p>\n","protected":false},"author":1,"featured_media":0,"comment_status":"open","ping_status":"open","sticky":false,"template":"","format":"standard","meta":{"footnotes":""},"categories":[21],"tags":[],"class_list":["post-1072","post","type-post","status-publish","format-standard","hentry","category-testspiele"],"_links":{"self":[{"href":"https:\/\/insideamateurfussball-ffm.de\/index.php?rest_route=\/wp\/v2\/posts\/1072","targetHints":{"allow":["GET"]}}],"collection":[{"href":"https:\/\/insideamateurfussball-ffm.de\/index.php?rest_route=\/wp\/v2\/posts"}],"about":[{"href":"https:\/\/insideamateurfussball-ffm.de\/index.php?rest_route=\/wp\/v2\/types\/post"}],"author":[{"embeddable":true,"href":"https:\/\/insideamateurfussball-ffm.de\/index.php?rest_route=\/wp\/v2\/users\/1"}],"replies":[{"embeddable":true,"href":"https:\/\/insideamateurfussball-ffm.de\/index.php?rest_route=%2Fwp%2Fv2%2Fcomments&post=1072"}],"version-history":[{"count":1,"href":"https:\/\/insideamateurfussball-ffm.de\/index.php?rest_route=\/wp\/v2\/posts\/1072\/revisions"}],"predecessor-version":[{"id":1081,"href":"https:\/\/insideamateurfussball-ffm.de\/index.php?rest_route=\/wp\/v2\/posts\/1072\/revisions\/1081"}],"wp:attachment":[{"href":"https:\/\/insideamateurfussball-ffm.de\/index.php?rest_route=%2Fwp%2Fv2%2Fmedia&parent=1072"}],"wp:term":[{"taxonomy":"category","embeddable":true,"href":"https:\/\/insideamateurfussball-ffm.de\/index.php?rest_route=%2Fwp%2Fv2%2Fcategories&post=1072"},{"taxonomy":"post_tag","embeddable":true,"href":"https:\/\/insideamateurfussball-ffm.de\/index.php?rest_route=%2Fwp%2Fv2%2Ftags&post=1072"}],"curies":[{"name":"wp","href":"https:\/\/api.w.org\/{rel}","templated":true}]}}