{"id":1032,"date":"2022-07-02T21:36:20","date_gmt":"2022-07-02T21:36:20","guid":{"rendered":"http:\/\/insideamateurfussball-ffm.de\/?p=1032"},"modified":"2025-01-05T12:19:04","modified_gmt":"2025-01-05T11:19:04","slug":"frueher-saisonstart-bleibt-bestehen","status":"publish","type":"post","link":"https:\/\/insideamateurfussball-ffm.de\/?p=1032","title":{"rendered":"Fr\u00fcher Saisonstart bleibt bestehen"},"content":{"rendered":"<h5>Auf der Terrasse vor dem Vereinsheim des FV Hausen gingen am Samstagmittag die Vorrundenbesprechungen im Fu\u00dfball-Kreis Frankfurt \u00fcber die B\u00fchne. Unterteilt nach Spielklassen wurden unter der Federf\u00fchrung von Kreisfu\u00dfballwart Rainer Nagel drei Sitzungen in Folge abgehalten. W\u00e4hrend die wenigen Spielverlegungen in der Kreisoberliga, der Kreisliga A sowie der Kreisliga B schnell abgehandelt waren, gab es immer mal wieder kritische T\u00f6ne bez\u00fcglich des fr\u00fchen Saisonbeginns zu h\u00f6ren. Einige Vereinsvertreter argumentierten, dass sie aufgrund der sp\u00e4ten Sommerferien im August mit Personalproblemen wegen der Urlaubszeit zu rechnen h\u00e4tten.<\/h5>\n<figure id=\"attachment_1033\" aria-describedby=\"caption-attachment-1033\" style=\"width: 300px\" class=\"wp-caption alignnone\"><img loading=\"lazy\" decoding=\"async\" class=\"wp-image-1033 size-medium\" src=\"http:\/\/insideamateurfussball-ffm.de\/wp-content\/uploads\/2022\/07\/KFA-300x225.jpg\" alt=\"\" width=\"300\" height=\"225\" \/><figcaption id=\"caption-attachment-1033\" class=\"wp-caption-text\">Sie f\u00fchrten durch das Programm: Links Klassenleiter Gerhard Richter, in der Mitte Kreisfu\u00dfballwart Rainer Nagel und rechts Verbandsfu\u00dfballwart Thorsten Bastian. Foto: PA.<\/figcaption><\/figure>\n<p>Forderungen nach einer Verlegung der ersten beiden Spieltage unter die Woche im Herbst erteilte Nagel ebenso eine kategorische Absage wie der aufgekommenen Aufforderung, \u00fcber einen sp\u00e4teren Saisonstart abzustimmen. Die Terminierung, verdeutlichte Nagel, sei vom Hessischen Fu\u00dfball-Verband vorgegeben. Eigentlich h\u00e4tten sogar sechs Spieltage im August ausgetragen werden sollen, &#8222;jedoch sind wir den Vereinen schon mit der Verlegung zweier Wochenspieltage in den Dezember entgegen gekommen, um die Sache zu entzerren&#8220;, erkl\u00e4rte der 78-j\u00e4hrige.<\/p>\n<p>Nach der erstmals seit drei Jahren komplett ausgespielten Saison ergeben sich auch auf Kreisebene Ver\u00e4nderungen in den Zusammensetzungen der Spielklassen durch Auf- und Abstiege. Die Kreisoberliga wird in der kommenden Runde nur noch 17 Vereine umfassen. Der Meister steigt direkt auf und der Tabellenzweite bekommt \u00fcber die wiedereingef\u00fchrte Relegation auf Verbandsebene die Chance, sich als zweites Frankfurter Team f\u00fcr die Gruppenliga Frankfurt West zu qualifizieren. Nagel teilte erfreut mit, dass es sich dann nicht mehr um die in den letzten Jahren praktizierte Dreier-Aufstiegsrunde handele, sondern um das vorangegangene Modell der Vierer-Relegation mit den Vizemeistern der Kreisoberligen Frankfurt, Friedberg und Hochtaunus sowie einem direkt vor den Absteigern platzierten Gruppenligisten. Vier Vereine k\u00f6nnen maximal aus der Kreisoberliga absteigen, aber nur dann, wenn mindestens drei der f\u00fcnf Frankfurter Gruppenliga-Vertreter in die Kreisoberliga absteigen m\u00fcssten. Auch auf Kreisebene werden die beliebten und publikumsgerechten Relegationsspiele zur\u00fcckkehren. Der vor den Absteigern platzierte Kreisoberligist relegiert dann mit den Vizemeistern der beiden A-Liga-Staffeln, aus der wie gewohnt logischerweise die beiden Meister aufsteigen.<\/p>\n<blockquote><p>&#8222;Das Benehmen einiger Mannschaften und Trainer ist besch\u00e4mend&#8220; (Klassenleiter Gerhard Richter).<\/p><\/blockquote>\n<p>Aus der B-Klasse wird es aus jeder Staffel nur noch einen statt zwei Aufsteiger geben, daf\u00fcr bekommen dann die Vizemeister mit den vor den Absteigern platzierten A-Ligisten in den Genuss von Relegationsspielen. In der C-Klasse haben sieben Vereine eine Zweite Mannschaft neu gemeldet, so auch Gruppenligist Spvgg. Oberrad, der sechs Jahre nach der Abmeldung aus der Kreisoberliga mit seiner Reserve in der untersten Spielklasse neu beginnt. Klassenleiter Gerhard Richter kritisierte in seinem Vortrag die Vielzahl an Spielabbr\u00fcchen vor allem in der Kreisoberliga. Auch die Anzahl an Nichtantritten und Passvergehen hatte sich in der vergangenen Spielzeit proportional geh\u00e4uft. &#8222;Das Benehmen einiger Mannschaften und Trainer ist besch\u00e4mend. Durch Corona scheinen viele Leute aggressiver geworden zu sein. Ich bin aus der Vergangenheit ein anderes Verhalten gew\u00f6hnt&#8220;, fand Richter eindringliche Worte. Auch die Handhabung der Spielberichtsb\u00f6gen m\u00fcsse genauer und sorgf\u00e4ltiger durchgef\u00fchrt werden. Rund 500 Einzelrichterurteile und ca. 50 Kammersitzungen mussten durch das Kreisportgericht abgehalten werden.<\/p>\n<p>K\u00fcnftig sollen besonders schwere F\u00e4lle, bei denen Gewalt gegen Schiedsrichter, Spielabbr\u00fcche oder Beleidigungen im Spiel sind, von einem Verbandsanwalt \u00fcbernommen werden. Ferner sollen Vereine, die in solche Abbr\u00fcche involviert sind, bis zur Verhandlung aus dem Verkehr gezogen werden. Schiedsrichter-Obmann Goran Culjak berichtete indes, dass bis zur Gruppenliga nun f\u00fcnf Spielerwechsel gestattet sind. Auf Kreisebene bleibe es jedoch beim Modell mit drei Wechseln plus der Option R\u00fcckwechseln. Da in der untersten Klasse zuweilen nicht alle Spiele mit Schiedsrichtern besetzt werden k\u00f6nnten, appellierte Culjak an die Bereitschaft der Clubs, die eine oder andere Partie auf einen Wochentag vorzuziehen, da die Wochentagspauschale k\u00fcnftig wegfalle. Der ebenfalls anwesende Verbandsfu\u00dfballwart Thorsten Bastian informierte die Vereine \u00fcber den verpflichtend einzuf\u00fchrenden Trainerpass. K\u00fcnftig m\u00fcssten s\u00e4mtliche \u00dcbungsleiter an der Seitenlinie eine Akkreditierung sichtlich um den Hals geh\u00e4ngt mit sich f\u00fchren. Der Pass k\u00f6nne auf von der Sozialstiftung des Hessischen Fu\u00dfball-Verbandes durchgef\u00fchrten Schulungen erworben werden.<\/p>\n","protected":false},"excerpt":{"rendered":"<p>Auf der Terrasse vor dem Vereinsheim des FV Hausen gingen am Samstagmittag die Vorrundenbesprechungen im Fu\u00dfball-Kreis Frankfurt \u00fcber die B\u00fchne. Unterteilt nach Spielklassen wurden unter der Federf\u00fchrung von Kreisfu\u00dfballwart Rainer Nagel drei Sitzungen in Folge abgehalten. W\u00e4hrend die wenigen Spielverlegungen in der Kreisoberliga, der Kreisliga A sowie der Kreisliga B schnell abgehandelt waren, gab es [&hellip;]<\/p>\n","protected":false},"author":1,"featured_media":0,"comment_status":"open","ping_status":"open","sticky":false,"template":"","format":"standard","meta":{"footnotes":""},"categories":[24],"tags":[],"class_list":["post-1032","post","type-post","status-publish","format-standard","hentry","category-besprechungen"],"_links":{"self":[{"href":"https:\/\/insideamateurfussball-ffm.de\/index.php?rest_route=\/wp\/v2\/posts\/1032","targetHints":{"allow":["GET"]}}],"collection":[{"href":"https:\/\/insideamateurfussball-ffm.de\/index.php?rest_route=\/wp\/v2\/posts"}],"about":[{"href":"https:\/\/insideamateurfussball-ffm.de\/index.php?rest_route=\/wp\/v2\/types\/post"}],"author":[{"embeddable":true,"href":"https:\/\/insideamateurfussball-ffm.de\/index.php?rest_route=\/wp\/v2\/users\/1"}],"replies":[{"embeddable":true,"href":"https:\/\/insideamateurfussball-ffm.de\/index.php?rest_route=%2Fwp%2Fv2%2Fcomments&post=1032"}],"version-history":[{"count":1,"href":"https:\/\/insideamateurfussball-ffm.de\/index.php?rest_route=\/wp\/v2\/posts\/1032\/revisions"}],"predecessor-version":[{"id":1034,"href":"https:\/\/insideamateurfussball-ffm.de\/index.php?rest_route=\/wp\/v2\/posts\/1032\/revisions\/1034"}],"wp:attachment":[{"href":"https:\/\/insideamateurfussball-ffm.de\/index.php?rest_route=%2Fwp%2Fv2%2Fmedia&parent=1032"}],"wp:term":[{"taxonomy":"category","embeddable":true,"href":"https:\/\/insideamateurfussball-ffm.de\/index.php?rest_route=%2Fwp%2Fv2%2Fcategories&post=1032"},{"taxonomy":"post_tag","embeddable":true,"href":"https:\/\/insideamateurfussball-ffm.de\/index.php?rest_route=%2Fwp%2Fv2%2Ftags&post=1032"}],"curies":[{"name":"wp","href":"https:\/\/api.w.org\/{rel}","templated":true}]}}