{"id":1026,"date":"2022-07-01T20:10:46","date_gmt":"2022-07-01T20:10:46","guid":{"rendered":"http:\/\/insideamateurfussball-ffm.de\/?p=1026"},"modified":"2025-01-05T12:19:12","modified_gmt":"2025-01-05T11:19:12","slug":"concordia-trainerteam-verlaengert","status":"publish","type":"post","link":"https:\/\/insideamateurfussball-ffm.de\/?p=1026","title":{"rendered":"Concordia-Trainerteam verl\u00e4ngert"},"content":{"rendered":"<h5>Kreisoberligist Concordia Eschersheim hat mit seinem Trainerteam um ein Jahr verl\u00e4ngert. Neben Chefcoach Andre Winter bleiben auch Co-Trainer Justin Kuchenb\u00e4cker, Athletiktrainerin Bianca Monetta und Torwarttrainer Bernd Kratz am Rosegger.<\/h5>\n<figure id=\"attachment_1027\" aria-describedby=\"caption-attachment-1027\" style=\"width: 300px\" class=\"wp-caption alignnone\"><img loading=\"lazy\" decoding=\"async\" class=\"wp-image-1027 size-medium\" src=\"http:\/\/insideamateurfussball-ffm.de\/wp-content\/uploads\/2022\/07\/con4-300x193.jpg\" alt=\"\" width=\"300\" height=\"193\" \/><figcaption id=\"caption-attachment-1027\" class=\"wp-caption-text\">Cheftrainer Andre Winter (rechts) mit seinem Assistenten Justin Kuchenb\u00e4cker bleiben bei Concordia Eschersheim. Foto: Mithat G\u00fcrser.<\/figcaption><\/figure>\n<p><img loading=\"lazy\" decoding=\"async\" class=\"alignnone size-full wp-image-419\" src=\"http:\/\/insideamateurfussball-ffm.de\/wp-content\/uploads\/2022\/05\/1sv07_news2_4178_01_01_02.jpg\" alt=\"\" width=\"80\" height=\"80\" \/><\/p>\n<p>Verlassen haben die Concordia mit Adrian Mohr (SG Oberliederbach), Florian Ilcken (FC Bensheim) und Leon Bodahl (Eintracht Oberursel) drei Spieler. Aus der eigenen A-Jugend aufger\u00fcckt sind Nick Gutschmidt, Matteo Reichwein und Noah Bitter. M\u00f6gliche Neuverpflichtungen haben sich im Trainingsbetrieb vorgestellt, die Sportliche Leitung hat aber noch keine externe Verpflichtung get\u00e4tigt. Die letzte Saison endete mit Rang vier in Sachen Punkteschnitt und Platzierung \u00fcberaus erfolgreich, seit dem Wiederaufstieg in die Kreisoberliga war diese Bilanz das beste Ergebnis des 1958 gegr\u00fcndeten Vereins.<\/p>\n<p>An der Eschersheimer Landstra\u00dfe soll es in der anstehenden Runde mit gut strukturiertem und ansehnlichem Fu\u00dfball weiter gehen. &#8222;Wir wollen an die erfolgreiche Saison ankn\u00fcpfen. Wir haben ein junges und motiviertes Team, bei dem ich mich sehr auf die Arbeit in der Vorbereitung und der Saison freue&#8220;, erkl\u00e4rt Winter. In der nur noch 17 Vereine umfassenden und durch Auf- und Abstieg ver\u00e4ndert besetzten Kreisoberliga erwartet der junge Coach mehr enge Spiele: &#8222;Die Liga wird dieses Jahr ausgeglichener, in jedem Spiel muss man 100 % geben.&#8220;<\/p>\n<h5>Testspiele:<\/h5>\n<ul>\n<li>bei Spvgg. 05\/99 Bomber Bad Homburg (Sonntag, 10. Juli 17 Uhr).<\/li>\n<li>gegen FC Neu-Anspach II (Donnerstag, 14. Juli 20.15 Uhr).<\/li>\n<li>gegen FC Kalbach (Dienstag, 26. Juli 20 Uhr).<\/li>\n<\/ul>\n","protected":false},"excerpt":{"rendered":"<p>Kreisoberligist Concordia Eschersheim hat mit seinem Trainerteam um ein Jahr verl\u00e4ngert. Neben Chefcoach Andre Winter bleiben auch Co-Trainer Justin Kuchenb\u00e4cker, Athletiktrainerin Bianca Monetta und Torwarttrainer Bernd Kratz am Rosegger. Verlassen haben die Concordia mit Adrian Mohr (SG Oberliederbach), Florian Ilcken (FC Bensheim) und Leon Bodahl (Eintracht Oberursel) drei Spieler. Aus der eigenen A-Jugend aufger\u00fcckt sind [&hellip;]<\/p>\n","protected":false},"author":1,"featured_media":0,"comment_status":"open","ping_status":"open","sticky":false,"template":"","format":"standard","meta":{"footnotes":""},"categories":[2],"tags":[],"class_list":["post-1026","post","type-post","status-publish","format-standard","hentry","category-kreisoberliga-frankfurt"],"_links":{"self":[{"href":"https:\/\/insideamateurfussball-ffm.de\/index.php?rest_route=\/wp\/v2\/posts\/1026","targetHints":{"allow":["GET"]}}],"collection":[{"href":"https:\/\/insideamateurfussball-ffm.de\/index.php?rest_route=\/wp\/v2\/posts"}],"about":[{"href":"https:\/\/insideamateurfussball-ffm.de\/index.php?rest_route=\/wp\/v2\/types\/post"}],"author":[{"embeddable":true,"href":"https:\/\/insideamateurfussball-ffm.de\/index.php?rest_route=\/wp\/v2\/users\/1"}],"replies":[{"embeddable":true,"href":"https:\/\/insideamateurfussball-ffm.de\/index.php?rest_route=%2Fwp%2Fv2%2Fcomments&post=1026"}],"version-history":[{"count":3,"href":"https:\/\/insideamateurfussball-ffm.de\/index.php?rest_route=\/wp\/v2\/posts\/1026\/revisions"}],"predecessor-version":[{"id":1030,"href":"https:\/\/insideamateurfussball-ffm.de\/index.php?rest_route=\/wp\/v2\/posts\/1026\/revisions\/1030"}],"wp:attachment":[{"href":"https:\/\/insideamateurfussball-ffm.de\/index.php?rest_route=%2Fwp%2Fv2%2Fmedia&parent=1026"}],"wp:term":[{"taxonomy":"category","embeddable":true,"href":"https:\/\/insideamateurfussball-ffm.de\/index.php?rest_route=%2Fwp%2Fv2%2Fcategories&post=1026"},{"taxonomy":"post_tag","embeddable":true,"href":"https:\/\/insideamateurfussball-ffm.de\/index.php?rest_route=%2Fwp%2Fv2%2Ftags&post=1026"}],"curies":[{"name":"wp","href":"https:\/\/api.w.org\/{rel}","templated":true}]}}