{"id":1022,"date":"2022-07-01T19:12:55","date_gmt":"2022-07-01T19:12:55","guid":{"rendered":"http:\/\/insideamateurfussball-ffm.de\/?p=1022"},"modified":"2025-01-05T12:19:18","modified_gmt":"2025-01-05T11:19:18","slug":"seckbach-plant-fuenf-testspiele","status":"publish","type":"post","link":"https:\/\/insideamateurfussball-ffm.de\/?p=1022","title":{"rendered":"Seckbach plant f\u00fcnf Testspiele"},"content":{"rendered":"<h5>Mit dem morgigen Testspielauftakt gegen die wieder in den Spielbetrieb eingegliederte Zweite Mannschaft von Eintracht Frankfurt steigt die FG Seckbach in die Vorbereitungsphase zur neuen Saison in der Gruppenliga Frankfurt West ein. Bis zum ersten Pflichtspiel am 31. Juli (Kreispokal, 1. Runde bei A-Ligist SV Blau-Gelb) sind au\u00dfer dem Eintracht II-Spiel noch vier weitere Partien vereinbart worden.<\/h5>\n<figure id=\"attachment_1023\" aria-describedby=\"caption-attachment-1023\" style=\"width: 300px\" class=\"wp-caption alignnone\"><img loading=\"lazy\" decoding=\"async\" class=\"wp-image-1023 size-medium\" src=\"http:\/\/insideamateurfussball-ffm.de\/wp-content\/uploads\/2022\/07\/FGS1-300x225.jpg\" alt=\"\" width=\"300\" height=\"225\" \/><figcaption id=\"caption-attachment-1023\" class=\"wp-caption-text\">Am Samstag d\u00fcrften viele Fans diesen Eingang passieren. Im Vorverkauf wurden schon viele Tickets f\u00fcr das Gastspiel von Nachbar Eintracht Frankfurt II abgesetzt. Foto: PA.<\/figcaption><\/figure>\n<p>&#8222;<span style=\"color: initial;\">Die wohl mit Abstand k\u00fcrzeste Sommerpause der letzten Jahre geht zu Ende. Die Saison 22\/23 steht in den Startl\u00f6chern. So auch wieder die Vorbereitung, die ungewohnt nur vier Wochen laufen wird. <\/span><span style=\"color: initial;\">F\u00fcr die erste Mannschaft wird es nach einer sehr schwachen Saison einen starken Umbruch geben. Hier wird sich in n\u00e4chster Zeit herauskristallisieren, wie die Mannschaft die Abg\u00e4nge verkraften wird. <\/span><span style=\"color: initial;\">Es sind einige Neuzug\u00e4nge dazugekommen die in n\u00e4chster Zeit auch pr\u00e4sentiert werden&#8220;, geben die Seckbacher auf ihren sozialen Netzwerken bekannt.\u00a0<\/span><\/p>\n<h5>Weitere Testspiele:<\/h5>\n<ul>\n<li>FC Olympia Fauerbach (Kreisoberliga Friedberg) 9. Juli, 13 Uhr.<\/li>\n<li>SG Waldsolms (Gruppenliga Gie\u00dfen\/Marburg) 17. Juli, Uhrzeit offen.<\/li>\n<li>SV 07 Heddernheim (ausw\u00e4rts\/Kreisoberliga Frankfurt) 21. Juli, 20 Uhr.<\/li>\n<li>OSC Rosenh\u00f6he Offenbach (Gruppenliga Frankfurt Ost) 24. Juli, 15 Uhr.\n<p><figure id=\"attachment_1024\" aria-describedby=\"caption-attachment-1024\" style=\"width: 300px\" class=\"wp-caption alignnone\"><img loading=\"lazy\" decoding=\"async\" class=\"wp-image-1024 size-medium\" src=\"http:\/\/insideamateurfussball-ffm.de\/wp-content\/uploads\/2022\/07\/Seckbw-300x300.jpg\" alt=\"\" width=\"300\" height=\"300\" \/><figcaption id=\"caption-attachment-1024\" class=\"wp-caption-text\">Grafik: FG Seckbach.<\/figcaption><\/figure><\/li>\n<\/ul>\n","protected":false},"excerpt":{"rendered":"<p>Mit dem morgigen Testspielauftakt gegen die wieder in den Spielbetrieb eingegliederte Zweite Mannschaft von Eintracht Frankfurt steigt die FG Seckbach in die Vorbereitungsphase zur neuen Saison in der Gruppenliga Frankfurt West ein. Bis zum ersten Pflichtspiel am 31. Juli (Kreispokal, 1. Runde bei A-Ligist SV Blau-Gelb) sind au\u00dfer dem Eintracht II-Spiel noch vier weitere Partien [&hellip;]<\/p>\n","protected":false},"author":1,"featured_media":0,"comment_status":"open","ping_status":"open","sticky":false,"template":"","format":"standard","meta":{"footnotes":""},"categories":[13],"tags":[],"class_list":["post-1022","post","type-post","status-publish","format-standard","hentry","category-gruppenliga-frankfurt-west"],"_links":{"self":[{"href":"https:\/\/insideamateurfussball-ffm.de\/index.php?rest_route=\/wp\/v2\/posts\/1022","targetHints":{"allow":["GET"]}}],"collection":[{"href":"https:\/\/insideamateurfussball-ffm.de\/index.php?rest_route=\/wp\/v2\/posts"}],"about":[{"href":"https:\/\/insideamateurfussball-ffm.de\/index.php?rest_route=\/wp\/v2\/types\/post"}],"author":[{"embeddable":true,"href":"https:\/\/insideamateurfussball-ffm.de\/index.php?rest_route=\/wp\/v2\/users\/1"}],"replies":[{"embeddable":true,"href":"https:\/\/insideamateurfussball-ffm.de\/index.php?rest_route=%2Fwp%2Fv2%2Fcomments&post=1022"}],"version-history":[{"count":1,"href":"https:\/\/insideamateurfussball-ffm.de\/index.php?rest_route=\/wp\/v2\/posts\/1022\/revisions"}],"predecessor-version":[{"id":1025,"href":"https:\/\/insideamateurfussball-ffm.de\/index.php?rest_route=\/wp\/v2\/posts\/1022\/revisions\/1025"}],"wp:attachment":[{"href":"https:\/\/insideamateurfussball-ffm.de\/index.php?rest_route=%2Fwp%2Fv2%2Fmedia&parent=1022"}],"wp:term":[{"taxonomy":"category","embeddable":true,"href":"https:\/\/insideamateurfussball-ffm.de\/index.php?rest_route=%2Fwp%2Fv2%2Fcategories&post=1022"},{"taxonomy":"post_tag","embeddable":true,"href":"https:\/\/insideamateurfussball-ffm.de\/index.php?rest_route=%2Fwp%2Fv2%2Ftags&post=1022"}],"curies":[{"name":"wp","href":"https:\/\/api.w.org\/{rel}","templated":true}]}}