{"id":1019,"date":"2022-07-01T18:21:29","date_gmt":"2022-07-01T18:21:29","guid":{"rendered":"http:\/\/insideamateurfussball-ffm.de\/?p=1019"},"modified":"2025-01-05T12:19:24","modified_gmt":"2025-01-05T11:19:24","slug":"fv-bad-vilbel-12-zugaenge-14-abgaenge","status":"publish","type":"post","link":"https:\/\/insideamateurfussball-ffm.de\/?p=1019","title":{"rendered":"FV Bad Vilbel: 12 Zug\u00e4nge, 14 Abg\u00e4nge"},"content":{"rendered":"<h5>Verbandsligist FV Bad Vilbel hat die Liste der Zu- und Abg\u00e4nge zur Verf\u00fcgung gestellt. Der Hessenliga-Absteiger muss 14 Abg\u00e4nge verkraften, konnte aber auch 12 neue Spieler akquirieren. Trainer Amir Mustafic muss sich im elften (!) Jahr seines Wirkens am Niddasportfeld erneut eine Mannschaft zusammenbasteln, die in der zweith\u00f6chsten hessischen Amateurklasse eine gute Rolle spielen soll. Inside Amateurfu\u00dfball Ffm gibt vor dem morgigen ersten Testspiel der Brunnenst\u00e4dter gegen Hessenliga-Club Rot-Wei\u00df Walldorf (15 Uhr\/Leichtathletikstadion) einen \u00dcberblick \u00fcber den neuen Kader der Gr\u00fcn-Wei\u00dfen.<\/h5>\n<figure id=\"attachment_1020\" aria-describedby=\"caption-attachment-1020\" style=\"width: 300px\" class=\"wp-caption alignnone\"><img loading=\"lazy\" decoding=\"async\" class=\"wp-image-1020 size-medium\" src=\"http:\/\/insideamateurfussball-ffm.de\/wp-content\/uploads\/2022\/07\/BVi-300x225.jpg\" alt=\"\" width=\"300\" height=\"225\" \/><figcaption id=\"caption-attachment-1020\" class=\"wp-caption-text\">Trainingsauftakt beim FV Bad Vilbel. Foto: JW.<\/figcaption><\/figure>\n<p><img loading=\"lazy\" decoding=\"async\" class=\"alignnone size-full wp-image-146\" src=\"http:\/\/insideamateurfussball-ffm.de\/wp-content\/uploads\/2022\/05\/FV-Bad-Vilbel.jpg\" alt=\"\" width=\"80\" height=\"80\" \/><\/p>\n<h5>Zug\u00e4nge:<\/h5>\n<p>Niklas Kraus (SG Ober-Erlenbach), Richard Sieber (Spvgg. 05 Oberrad), Erkan G\u00f6k (TSG Ober-W\u00f6llstadt), Max Ehrig (1. FC Erlensee U19), Philipp Schaal (FC Karben), Flakron Thaci (FC Kosova), Valentin Drettas, Marco Caltagirone (beide Germania Schwanheim), Masahito Morishima (Spvgg. Eltville), Rozart Burgaj (TSV Wacker Neutraubling), Henri Lehmann, Justus Loose, Simeon Steilflug (alle eigene U19).<\/p>\n<h5>Abg\u00e4nge:<\/h5>\n<p>Takahiro Okuno (FC Basara Mainz), Jeff Thielmann (T\u00fcrk G\u00fcc\u00fc Friedberg), Domagoj Filipovic (Sportfreunde Seligenstadt), Filip Cirpaci, Mario Shuteriqi (beide Rot-Weiss Frankfurt), Taiyo Ushiyama, Kaito Shimoda, Maximilian B\u00f6ger, Anej Polak, Oliver Kovacic, Namrud Embaye, Denis Ljuca, Niklas Schulze, Alejandro Suarez Dolmen (alle Ziel unbekannt).<\/p>\n<h5>Spielerkader:<\/h5>\n<p><strong>Tor:<\/strong> Robin Orband, Max Ehrig.<\/p>\n<p><strong>Verteidigung:<\/strong> Dominik Emmel, Vladimiros Safaridis, Philipp Schaal, Rozart Burgaj, Adnan Alik, Masahito Morishima.<\/p>\n<p><strong>Mittelfeld:<\/strong> Thorben Knauer, Niklas Kraus, Visar Gashi, Richard Sieber, Dominik Budic, Valentin Drettas, Denis Hadzimusic, Henri Lehmann, Alexander Bauscher, Giorgi Kandelaki, Simeon Steilflug.<\/p>\n<p><strong>Angriff:<\/strong> Erkan G\u00f6k, Ayoub Lahchaychi, Justus Loose, Flakron Thaci.<\/p>\n<h5><\/h5>\n","protected":false},"excerpt":{"rendered":"<p>Verbandsligist FV Bad Vilbel hat die Liste der Zu- und Abg\u00e4nge zur Verf\u00fcgung gestellt. Der Hessenliga-Absteiger muss 14 Abg\u00e4nge verkraften, konnte aber auch 12 neue Spieler akquirieren. Trainer Amir Mustafic muss sich im elften (!) Jahr seines Wirkens am Niddasportfeld erneut eine Mannschaft zusammenbasteln, die in der zweith\u00f6chsten hessischen Amateurklasse eine gute Rolle spielen soll. [&hellip;]<\/p>\n","protected":false},"author":1,"featured_media":0,"comment_status":"open","ping_status":"open","sticky":false,"template":"","format":"standard","meta":{"footnotes":""},"categories":[10],"tags":[],"class_list":["post-1019","post","type-post","status-publish","format-standard","hentry","category-verbandsliga-sued"],"_links":{"self":[{"href":"https:\/\/insideamateurfussball-ffm.de\/index.php?rest_route=\/wp\/v2\/posts\/1019","targetHints":{"allow":["GET"]}}],"collection":[{"href":"https:\/\/insideamateurfussball-ffm.de\/index.php?rest_route=\/wp\/v2\/posts"}],"about":[{"href":"https:\/\/insideamateurfussball-ffm.de\/index.php?rest_route=\/wp\/v2\/types\/post"}],"author":[{"embeddable":true,"href":"https:\/\/insideamateurfussball-ffm.de\/index.php?rest_route=\/wp\/v2\/users\/1"}],"replies":[{"embeddable":true,"href":"https:\/\/insideamateurfussball-ffm.de\/index.php?rest_route=%2Fwp%2Fv2%2Fcomments&post=1019"}],"version-history":[{"count":2,"href":"https:\/\/insideamateurfussball-ffm.de\/index.php?rest_route=\/wp\/v2\/posts\/1019\/revisions"}],"predecessor-version":[{"id":1668,"href":"https:\/\/insideamateurfussball-ffm.de\/index.php?rest_route=\/wp\/v2\/posts\/1019\/revisions\/1668"}],"wp:attachment":[{"href":"https:\/\/insideamateurfussball-ffm.de\/index.php?rest_route=%2Fwp%2Fv2%2Fmedia&parent=1019"}],"wp:term":[{"taxonomy":"category","embeddable":true,"href":"https:\/\/insideamateurfussball-ffm.de\/index.php?rest_route=%2Fwp%2Fv2%2Fcategories&post=1019"},{"taxonomy":"post_tag","embeddable":true,"href":"https:\/\/insideamateurfussball-ffm.de\/index.php?rest_route=%2Fwp%2Fv2%2Ftags&post=1019"}],"curies":[{"name":"wp","href":"https:\/\/api.w.org\/{rel}","templated":true}]}}