{"id":1016,"date":"2022-07-01T17:35:37","date_gmt":"2022-07-01T17:35:37","guid":{"rendered":"http:\/\/insideamateurfussball-ffm.de\/?p=1016"},"modified":"2025-01-05T12:19:31","modified_gmt":"2025-01-05T11:19:31","slug":"bosnier-gatamura-zu-tuerk-guecue-friedberg","status":"publish","type":"post","link":"https:\/\/insideamateurfussball-ffm.de\/?p=1016","title":{"rendered":"&#8222;Bosnier&#8220; Gatamura zu T\u00fcrk G\u00fcc\u00fc Friedberg"},"content":{"rendered":"<h5>Von Verbandsliga-Absteiger SV BKC Bosnien wechselt Ren Gatamura zu Hessenligist T\u00fcrk G\u00fcc\u00fc Friedberg. Die Kreisst\u00e4dter gaben heute die Verpflichtung des 23-j\u00e4hrigen Japaners bekannt.<\/h5>\n<figure id=\"attachment_1017\" aria-describedby=\"caption-attachment-1017\" style=\"width: 300px\" class=\"wp-caption alignnone\"><img loading=\"lazy\" decoding=\"async\" class=\"wp-image-1017 size-medium\" src=\"http:\/\/insideamateurfussball-ffm.de\/wp-content\/uploads\/2022\/07\/Ren-Gatamura-300x300.jpg\" alt=\"\" width=\"300\" height=\"300\" srcset=\"https:\/\/insideamateurfussball-ffm.de\/wp-content\/uploads\/2022\/07\/Ren-Gatamura-300x300.jpg 300w, https:\/\/insideamateurfussball-ffm.de\/wp-content\/uploads\/2022\/07\/Ren-Gatamura-1024x1024.jpg 1024w, https:\/\/insideamateurfussball-ffm.de\/wp-content\/uploads\/2022\/07\/Ren-Gatamura-150x150.jpg 150w, https:\/\/insideamateurfussball-ffm.de\/wp-content\/uploads\/2022\/07\/Ren-Gatamura-768x767.jpg 768w, https:\/\/insideamateurfussball-ffm.de\/wp-content\/uploads\/2022\/07\/Ren-Gatamura.jpg 1057w\" sizes=\"auto, (max-width: 300px) 100vw, 300px\" \/><figcaption id=\"caption-attachment-1017\" class=\"wp-caption-text\">Grafik: T\u00fcrk G\u00fcc\u00fc Friedberg.<\/figcaption><\/figure>\n<p>Der gelernte rechte Verteidiger geh\u00f6rte in der Abstiegssaison zum Stammpersonal der Bosnier und kam auf beachtliche 28 Saisoneins\u00e4tze. Kurzzeitig stand der 2021 nach Frankfurt gekommene Fu\u00dfballer sogar unter den Fittichen von Trainer Enis Dzihic, der im Winter f\u00fcr zwei Monate ein Gastspiel an der Ackermannwiese gab, ehe er \u00fcberaus erfolgreich zu TGF wechselte und den seinerzeit abstiegsgef\u00e4hrdeten Club souver\u00e4n in der Hessenliga hielt. &#8222;Ein Spieler mit Entwicklungspotenzial kommt, der die Herausforderung Hessenliga angeht und somit alles aus sich geben wird&#8220;, hei\u00dft es auf den offiziellen Kan\u00e4len der Friedberger zur Verpflichtung Gatamuras.<\/p>\n","protected":false},"excerpt":{"rendered":"<p>Von Verbandsliga-Absteiger SV BKC Bosnien wechselt Ren Gatamura zu Hessenligist T\u00fcrk G\u00fcc\u00fc Friedberg. Die Kreisst\u00e4dter gaben heute die Verpflichtung des 23-j\u00e4hrigen Japaners bekannt. Der gelernte rechte Verteidiger geh\u00f6rte in der Abstiegssaison zum Stammpersonal der Bosnier und kam auf beachtliche 28 Saisoneins\u00e4tze. Kurzzeitig stand der 2021 nach Frankfurt gekommene Fu\u00dfballer sogar unter den Fittichen von Trainer [&hellip;]<\/p>\n","protected":false},"author":1,"featured_media":1017,"comment_status":"open","ping_status":"open","sticky":false,"template":"","format":"standard","meta":{"footnotes":""},"categories":[22],"tags":[],"class_list":["post-1016","post","type-post","status-publish","format-standard","has-post-thumbnail","hentry","category-spielerwechsel"],"_links":{"self":[{"href":"https:\/\/insideamateurfussball-ffm.de\/index.php?rest_route=\/wp\/v2\/posts\/1016","targetHints":{"allow":["GET"]}}],"collection":[{"href":"https:\/\/insideamateurfussball-ffm.de\/index.php?rest_route=\/wp\/v2\/posts"}],"about":[{"href":"https:\/\/insideamateurfussball-ffm.de\/index.php?rest_route=\/wp\/v2\/types\/post"}],"author":[{"embeddable":true,"href":"https:\/\/insideamateurfussball-ffm.de\/index.php?rest_route=\/wp\/v2\/users\/1"}],"replies":[{"embeddable":true,"href":"https:\/\/insideamateurfussball-ffm.de\/index.php?rest_route=%2Fwp%2Fv2%2Fcomments&post=1016"}],"version-history":[{"count":1,"href":"https:\/\/insideamateurfussball-ffm.de\/index.php?rest_route=\/wp\/v2\/posts\/1016\/revisions"}],"predecessor-version":[{"id":1018,"href":"https:\/\/insideamateurfussball-ffm.de\/index.php?rest_route=\/wp\/v2\/posts\/1016\/revisions\/1018"}],"wp:featuredmedia":[{"embeddable":true,"href":"https:\/\/insideamateurfussball-ffm.de\/index.php?rest_route=\/wp\/v2\/media\/1017"}],"wp:attachment":[{"href":"https:\/\/insideamateurfussball-ffm.de\/index.php?rest_route=%2Fwp%2Fv2%2Fmedia&parent=1016"}],"wp:term":[{"taxonomy":"category","embeddable":true,"href":"https:\/\/insideamateurfussball-ffm.de\/index.php?rest_route=%2Fwp%2Fv2%2Fcategories&post=1016"},{"taxonomy":"post_tag","embeddable":true,"href":"https:\/\/insideamateurfussball-ffm.de\/index.php?rest_route=%2Fwp%2Fv2%2Ftags&post=1016"}],"curies":[{"name":"wp","href":"https:\/\/api.w.org\/{rel}","templated":true}]}}