{"id":1013,"date":"2022-06-30T19:24:39","date_gmt":"2022-06-30T19:24:39","guid":{"rendered":"http:\/\/insideamateurfussball-ffm.de\/?p=1013"},"modified":"2025-01-05T12:16:44","modified_gmt":"2025-01-05T11:16:44","slug":"ilias-becker-zum-sv-niederursel","status":"publish","type":"post","link":"https:\/\/insideamateurfussball-ffm.de\/?p=1013","title":{"rendered":"Ilias Becker zum SV Niederursel!"},"content":{"rendered":"<h5>Mit einem Transfercoup wartet der SV Niederursel aus der Kreisliga A (Gruppe 1) vor. Ilias Becker soll in der kommenden Saison am Dorfwiesenweg auflaufen.<\/h5>\n<figure id=\"attachment_1014\" aria-describedby=\"caption-attachment-1014\" style=\"width: 300px\" class=\"wp-caption alignnone\"><img loading=\"lazy\" decoding=\"async\" class=\"wp-image-1014 size-medium\" src=\"http:\/\/insideamateurfussball-ffm.de\/wp-content\/uploads\/2022\/06\/Ilias-Becker-300x293.png\" alt=\"\" width=\"300\" height=\"293\" srcset=\"https:\/\/insideamateurfussball-ffm.de\/wp-content\/uploads\/2022\/06\/Ilias-Becker-300x293.png 300w, https:\/\/insideamateurfussball-ffm.de\/wp-content\/uploads\/2022\/06\/Ilias-Becker-1024x1001.png 1024w, https:\/\/insideamateurfussball-ffm.de\/wp-content\/uploads\/2022\/06\/Ilias-Becker-768x751.png 768w, https:\/\/insideamateurfussball-ffm.de\/wp-content\/uploads\/2022\/06\/Ilias-Becker.png 1080w\" sizes=\"auto, (max-width: 300px) 100vw, 300px\" \/><figcaption id=\"caption-attachment-1014\" class=\"wp-caption-text\">Ilias Becker wird wohl demn\u00e4chst auf roter Asche Fu\u00dfball spielen. Foto: SVN.<\/figcaption><\/figure>\n<p>Aus der Jugend des SV 07 Heddernheim hervorgegangen durchlief der 25-j\u00e4hrige die Nachwuchsleistungszentren des FSV und der Eintracht. 2016\/17 spielte der Mittelfeldspieler beim FC Bayern M\u00fcnchen II in der Regionalliga Bayern, wo er auf zehn Eins\u00e4tze kam. Ein Jahr sp\u00e4ter war er zur\u00fcck in Frankfurt, wo sich Becker dem damaligen Hessenligisten SG Rot-Weiss anschloss.<\/p>\n<p>Am Brentanobad blieb der Fu\u00dfballer aber nur ein halbes Jahr, um dann in den Osten der Republik abzuwandern. Bei FC International Leipzig und Askania Bernburg absolvierte Becker in drei Jahren 40 Spiele in der NOFV-Oberliga S\u00fcd.<\/p>\n<blockquote><p>&#8222;F\u00fcr die Mannschaft und den Verein ist Becker ein gro\u00dfer Gewinn&#8220; (SVN-Trainer Ivan Susak).<\/p><\/blockquote>\n<p>Zuletzt war der Deutsch-Marokkaner beim 1. FC Erlensee in der Hessenliga aktiv, am Fliegerhorst kam er aber nur auf sechs Eins\u00e4tze. Wie kommt Becker nun darauf, f\u00fcr den SV Niederursel die Schuhe zu schn\u00fcren? SVN-Coach Ivan Susak kl\u00e4rt auf: &#8222;Ein Spieler von uns hat einen guten Draht zu ihm. Becker m\u00f6chte keinen gro\u00dfen Aufwand mehr betreiben und hat von unserem Umbruch geh\u00f6rt. F\u00fcr die Mannschaft und den Verein ist Becker ein gro\u00dfer Gewinn, zumal er sich auch als Jugendtrainer einbringen m\u00f6chte.&#8220;<\/p>\n","protected":false},"excerpt":{"rendered":"<p>Mit einem Transfercoup wartet der SV Niederursel aus der Kreisliga A (Gruppe 1) vor. Ilias Becker soll in der kommenden Saison am Dorfwiesenweg auflaufen. Aus der Jugend des SV 07 Heddernheim hervorgegangen durchlief der 25-j\u00e4hrige die Nachwuchsleistungszentren des FSV und der Eintracht. 2016\/17 spielte der Mittelfeldspieler beim FC Bayern M\u00fcnchen II in der Regionalliga Bayern, [&hellip;]<\/p>\n","protected":false},"author":1,"featured_media":1014,"comment_status":"open","ping_status":"open","sticky":false,"template":"","format":"standard","meta":{"footnotes":""},"categories":[12],"tags":[],"class_list":["post-1013","post","type-post","status-publish","format-standard","has-post-thumbnail","hentry","category-kreisliga-a1"],"_links":{"self":[{"href":"https:\/\/insideamateurfussball-ffm.de\/index.php?rest_route=\/wp\/v2\/posts\/1013","targetHints":{"allow":["GET"]}}],"collection":[{"href":"https:\/\/insideamateurfussball-ffm.de\/index.php?rest_route=\/wp\/v2\/posts"}],"about":[{"href":"https:\/\/insideamateurfussball-ffm.de\/index.php?rest_route=\/wp\/v2\/types\/post"}],"author":[{"embeddable":true,"href":"https:\/\/insideamateurfussball-ffm.de\/index.php?rest_route=\/wp\/v2\/users\/1"}],"replies":[{"embeddable":true,"href":"https:\/\/insideamateurfussball-ffm.de\/index.php?rest_route=%2Fwp%2Fv2%2Fcomments&post=1013"}],"version-history":[{"count":1,"href":"https:\/\/insideamateurfussball-ffm.de\/index.php?rest_route=\/wp\/v2\/posts\/1013\/revisions"}],"predecessor-version":[{"id":1015,"href":"https:\/\/insideamateurfussball-ffm.de\/index.php?rest_route=\/wp\/v2\/posts\/1013\/revisions\/1015"}],"wp:featuredmedia":[{"embeddable":true,"href":"https:\/\/insideamateurfussball-ffm.de\/index.php?rest_route=\/wp\/v2\/media\/1014"}],"wp:attachment":[{"href":"https:\/\/insideamateurfussball-ffm.de\/index.php?rest_route=%2Fwp%2Fv2%2Fmedia&parent=1013"}],"wp:term":[{"taxonomy":"category","embeddable":true,"href":"https:\/\/insideamateurfussball-ffm.de\/index.php?rest_route=%2Fwp%2Fv2%2Fcategories&post=1013"},{"taxonomy":"post_tag","embeddable":true,"href":"https:\/\/insideamateurfussball-ffm.de\/index.php?rest_route=%2Fwp%2Fv2%2Ftags&post=1013"}],"curies":[{"name":"wp","href":"https:\/\/api.w.org\/{rel}","templated":true}]}}