{"id":1008,"date":"2022-06-30T18:30:11","date_gmt":"2022-06-30T18:30:11","guid":{"rendered":"http:\/\/insideamateurfussball-ffm.de\/?p=1008"},"modified":"2025-01-04T12:41:08","modified_gmt":"2025-01-04T11:41:08","slug":"weiss-blau-er-rjah-verlaengert-nicht","status":"publish","type":"post","link":"https:\/\/insideamateurfussball-ffm.de\/?p=1008","title":{"rendered":"Weiss-Blau: Er-Rjah verl\u00e4ngert nicht"},"content":{"rendered":"<h5>Zum 30. Juni hat Jamal Er-Rjah seine T\u00e4tigkeit als Trainer bei Kreisoberliga-Absteiger SC Weiss-Blau beendet. Dem Verein von den Sandh\u00f6fer Wiesen stehe f\u00fcr die A-Klasse derzeit keine Mannschaft zur Verf\u00fcgung. &#8222;Mit f\u00fcnf Spielern kann ich nichts anfangen&#8220;, teilte der Coach mit.<\/h5>\n<figure id=\"attachment_1009\" aria-describedby=\"caption-attachment-1009\" style=\"width: 169px\" class=\"wp-caption alignnone\"><img loading=\"lazy\" decoding=\"async\" class=\"wp-image-1009 size-medium\" src=\"http:\/\/insideamateurfussball-ffm.de\/wp-content\/uploads\/2022\/06\/jamal-169x300.jpg\" alt=\"\" width=\"169\" height=\"300\" srcset=\"https:\/\/insideamateurfussball-ffm.de\/wp-content\/uploads\/2022\/06\/jamal-169x300.jpg 169w, https:\/\/insideamateurfussball-ffm.de\/wp-content\/uploads\/2022\/06\/jamal.jpg 469w\" sizes=\"auto, (max-width: 169px) 100vw, 169px\" \/><figcaption id=\"caption-attachment-1009\" class=\"wp-caption-text\">Trainer Jamal Er-Rjah sieht beim SC Weiss-Blau in der Kreisliga A keine Perspektiven. Foto: WB.<\/figcaption><\/figure>\n<p><img loading=\"lazy\" decoding=\"async\" class=\"alignnone size-full wp-image-32\" src=\"http:\/\/insideamateurfussball-ffm.de\/wp-content\/uploads\/2021\/11\/Weiss-Blau.jpg\" alt=\"\" width=\"56\" height=\"80\" \/><\/p>\n<p>Fast die komplette Mannschaft des Absteigers habe sich abgemeldet, davon neun Stammspieler, teilte Er-Rjah am Abend gegen\u00fcber Inside Amateurfu\u00dfball Ffm mit. Die in der B-Klasse spielende Reserve habe sich komplett dem SC Goldstein angeschlossen, um dort als Zweite Mannschaft weiterzuspielen. &#8222;Ich hatte ein Gespr\u00e4ch mit dem Vorstand, wie es weiter gehen soll. Leider ist der Verein nicht bereit, einen Etat f\u00fcr die kommende Saison zur Verf\u00fcgung zu stellen. Stand jetzt habe ich keine Mannschaft, ich sehe kein Licht am Ende des Tunnels. Deswegen h\u00f6re ich auf. Das ist traurig, weil mir der Verein am Herzen liegt&#8220;, sagte Er-Rjah.<\/p>\n<blockquote><p>&#8222;Stand jetzt habe ich keine Mannschaft, ich sehe kein Licht am Ende des Tunnels&#8220; (Weiss-Blau-Trainer Jamal Er-Rjah).<\/p><\/blockquote>\n<p>Seit vier Jahren war der Coach f\u00fcr die Erste Mannschaft beim Sport-Club zust\u00e4ndig, schaffte nach dem Abstieg aus der Kreisoberliga den direkten Wiederaufstieg.<\/p>\n<blockquote><p>&#8222;Wir bleiben dabei, dass wir kein Geld an Spieler zahlen. Da m\u00fcssen wir konsequent sein&#8220; (Kassierer Karl-Heinz Cambeis).<\/p><\/blockquote>\n<p>Das erschien Er-Rjah jetzt nach dem neuerlichen Abstieg in die A-Klasse ein Ding der Unm\u00f6glichkeit: &#8222;Ich bin kein Zauberer und kein Hellseher. Mit den wenigen Leuten, die \u00fcbrig sind, hast Du einen Fu\u00df schon in der B-Klasse.&#8220; Karl-Heinz Cambeis, seines Zeichens Kassierer des Vereins und Jugendbildungsbeauftragter im Fu\u00dfball-Kreis Frankfurt, verdeutlicht: &#8222;Wir bleiben dabei, dass wir kein Geld an Spieler zahlen. Da m\u00fcssen wir konsequent sein.&#8220;<\/p>\n<p>Vier Wochen vor dem ersten Pflichtspiel sei Cambeis aber dennoch zuversichtlich, dass eine Weiss-Blau-Mannschaft auflaufen werde. Die derzeit jedoch ohne Trainer nicht vollst\u00e4ndig sei. Ob unter diesen Umst\u00e4nden auch eine Zweite Mannschaft am Spielbetrieb teilnehmen wird, steht aktuell noch in den Sternen.<\/p>\n","protected":false},"excerpt":{"rendered":"<p>Zum 30. Juni hat Jamal Er-Rjah seine T\u00e4tigkeit als Trainer bei Kreisoberliga-Absteiger SC Weiss-Blau beendet. Dem Verein von den Sandh\u00f6fer Wiesen stehe f\u00fcr die A-Klasse derzeit keine Mannschaft zur Verf\u00fcgung. &#8222;Mit f\u00fcnf Spielern kann ich nichts anfangen&#8220;, teilte der Coach mit. Fast die komplette Mannschaft des Absteigers habe sich abgemeldet, davon neun Stammspieler, teilte Er-Rjah [&hellip;]<\/p>\n","protected":false},"author":1,"featured_media":1009,"comment_status":"open","ping_status":"open","sticky":false,"template":"","format":"standard","meta":{"footnotes":""},"categories":[14],"tags":[],"class_list":["post-1008","post","type-post","status-publish","format-standard","has-post-thumbnail","hentry","category-kreisliga-a2"],"_links":{"self":[{"href":"https:\/\/insideamateurfussball-ffm.de\/index.php?rest_route=\/wp\/v2\/posts\/1008","targetHints":{"allow":["GET"]}}],"collection":[{"href":"https:\/\/insideamateurfussball-ffm.de\/index.php?rest_route=\/wp\/v2\/posts"}],"about":[{"href":"https:\/\/insideamateurfussball-ffm.de\/index.php?rest_route=\/wp\/v2\/types\/post"}],"author":[{"embeddable":true,"href":"https:\/\/insideamateurfussball-ffm.de\/index.php?rest_route=\/wp\/v2\/users\/1"}],"replies":[{"embeddable":true,"href":"https:\/\/insideamateurfussball-ffm.de\/index.php?rest_route=%2Fwp%2Fv2%2Fcomments&post=1008"}],"version-history":[{"count":4,"href":"https:\/\/insideamateurfussball-ffm.de\/index.php?rest_route=\/wp\/v2\/posts\/1008\/revisions"}],"predecessor-version":[{"id":1031,"href":"https:\/\/insideamateurfussball-ffm.de\/index.php?rest_route=\/wp\/v2\/posts\/1008\/revisions\/1031"}],"wp:featuredmedia":[{"embeddable":true,"href":"https:\/\/insideamateurfussball-ffm.de\/index.php?rest_route=\/wp\/v2\/media\/1009"}],"wp:attachment":[{"href":"https:\/\/insideamateurfussball-ffm.de\/index.php?rest_route=%2Fwp%2Fv2%2Fmedia&parent=1008"}],"wp:term":[{"taxonomy":"category","embeddable":true,"href":"https:\/\/insideamateurfussball-ffm.de\/index.php?rest_route=%2Fwp%2Fv2%2Fcategories&post=1008"},{"taxonomy":"post_tag","embeddable":true,"href":"https:\/\/insideamateurfussball-ffm.de\/index.php?rest_route=%2Fwp%2Fv2%2Ftags&post=1008"}],"curies":[{"name":"wp","href":"https:\/\/api.w.org\/{rel}","templated":true}]}}